{"id":267,"date":"2023-04-28T20:53:50","date_gmt":"2023-04-28T18:53:50","guid":{"rendered":"http:\/\/www.ordinacepraktickylekar.cz.uvirt55.active24.cz\/?p=267"},"modified":"2023-05-15T18:12:05","modified_gmt":"2023-05-15T16:12:05","slug":"ordinacni-doba-ordinace","status":"publish","type":"post","link":"https:\/\/www.ordinacepraktickylekar.cz\/?p=267","title":{"rendered":"Ordina\u010dn\u00ed doba"},"content":{"rendered":"\n<p>K objedn\u00e1n\u00ed na vy\u0161et\u0159en\u00ed vyu\u017e\u00edvejte <a href=\"https:\/\/moje.sestraemmy.cz\/-\/braierova\" target=\"_blank\" rel=\"noreferrer noopener\">https:\/\/www.sestraemmy.cz<\/a> &#8211; webov\u00fd odkaz<\/p>\n\n\n\n<figure class=\"wp-block-image size-large is-resized\"><img loading=\"lazy\" decoding=\"async\" src=\"http:\/\/www.ordinacepraktickylekar.cz\/wp-content\/uploads\/2023\/04\/Ordina\u010dn\u00ed-doba6-1024x602.png\" alt=\"\" class=\"wp-image-130\" width=\"818\" height=\"480\" srcset=\"https:\/\/www.ordinacepraktickylekar.cz\/wp-content\/uploads\/2023\/04\/Ordina\u010dn\u00ed-doba6-1024x602.png 1024w, https:\/\/www.ordinacepraktickylekar.cz\/wp-content\/uploads\/2023\/04\/Ordina\u010dn\u00ed-doba6-300x176.png 300w, https:\/\/www.ordinacepraktickylekar.cz\/wp-content\/uploads\/2023\/04\/Ordina\u010dn\u00ed-doba6-768x452.png 768w, https:\/\/www.ordinacepraktickylekar.cz\/wp-content\/uploads\/2023\/04\/Ordina\u010dn\u00ed-doba6.png 1153w\" sizes=\"auto, (max-width: 818px) 100vw, 818px\" \/><\/figure>\n\n\n\n<p><a href=\"http:\/\/www.ordinacepraktickylekar.cz\/wp-content\/uploads\/2023\/04\/Ordina\u010dn\u00ed_doba_Practivera_sro.pdf\" target=\"_blank\" rel=\"noreferrer noopener\">Ordina\u010dn\u00ed doba <strong>ke sta\u017een\u00ed<\/strong> ( soubor ve form\u00e1tu *.pdf )<\/a><\/p>\n","protected":false},"excerpt":{"rendered":"<p>K objedn\u00e1n\u00ed na vy\u0161et\u0159en\u00ed vyu\u017e\u00edvejte https:\/\/www.sestraemmy.cz &#8211; webov\u00fd odkaz Ordina\u010dn\u00ed doba ke sta\u017een\u00ed ( soubor ve form\u00e1tu *.pdf )<\/p>\n","protected":false},"author":1,"featured_media":0,"comment_status":"closed","ping_status":"closed","sticky":false,"template":"","format":"standard","meta":{"footnotes":""},"categories":[7],"tags":[],"class_list":["post-267","post","type-post","status-publish","format-standard","hentry","category-ordinacni-doba"],"_links":{"self":[{"href":"https:\/\/www.ordinacepraktickylekar.cz\/index.php?rest_route=\/wp\/v2\/posts\/267","targetHints":{"allow":["GET"]}}],"collection":[{"href":"https:\/\/www.ordinacepraktickylekar.cz\/index.php?rest_route=\/wp\/v2\/posts"}],"about":[{"href":"https:\/\/www.ordinacepraktickylekar.cz\/index.php?rest_route=\/wp\/v2\/types\/post"}],"author":[{"embeddable":true,"href":"https:\/\/www.ordinacepraktickylekar.cz\/index.php?rest_route=\/wp\/v2\/users\/1"}],"replies":[{"embeddable":true,"href":"https:\/\/www.ordinacepraktickylekar.cz\/index.php?rest_route=%2Fwp%2Fv2%2Fcomments&post=267"}],"version-history":[{"count":10,"href":"https:\/\/www.ordinacepraktickylekar.cz\/index.php?rest_route=\/wp\/v2\/posts\/267\/revisions"}],"predecessor-version":[{"id":412,"href":"https:\/\/www.ordinacepraktickylekar.cz\/index.php?rest_route=\/wp\/v2\/posts\/267\/revisions\/412"}],"wp:attachment":[{"href":"https:\/\/www.ordinacepraktickylekar.cz\/index.php?rest_route=%2Fwp%2Fv2%2Fmedia&parent=267"}],"wp:term":[{"taxonomy":"category","embeddable":true,"href":"https:\/\/www.ordinacepraktickylekar.cz\/index.php?rest_route=%2Fwp%2Fv2%2Fcategories&post=267"},{"taxonomy":"post_tag","embeddable":true,"href":"https:\/\/www.ordinacepraktickylekar.cz\/index.php?rest_route=%2Fwp%2Fv2%2Ftags&post=267"}],"curies":[{"name":"wp","href":"https:\/\/api.w.org\/{rel}","templated":true}]}}