{"id":273,"date":"2023-04-28T21:14:06","date_gmt":"2023-04-28T19:14:06","guid":{"rendered":"http:\/\/www.ordinacepraktickylekar.cz.uvirt55.active24.cz\/?p=273"},"modified":"2023-04-28T21:17:54","modified_gmt":"2023-04-28T19:17:54","slug":"upozorneni-vase-zdravi","status":"publish","type":"post","link":"https:\/\/www.ordinacepraktickylekar.cz\/?p=273","title":{"rendered":"Upozorn\u011bn\u00ed &#8211; Va\u0161e zdrav\u00ed"},"content":{"rendered":"\n<p class=\"has-medium-font-size\"><strong>Upozorn\u011bn\u00ed:<\/strong><\/p>\n\n\n\n<p class=\"has-normal-font-size\">Ve vlastn\u00edm z\u00e1jmu a s ohledem na Va\u0161e zdrav\u00ed zva\u017ete p\u0159ed vstupem do \u010dek\u00e1rny nasazen\u00ed <strong>RESPIR\u00c1TORU<\/strong> pop\u0159. <strong>CHIR. ROU\u0160KY<\/strong> zejm\u00e9na v t\u011bchto situac\u00edch:<\/p>\n\n\n\n<p>1) m\u00e1te onemocn\u011bn\u00ed d\u00fdchac\u00edch cest, teplotu, nec\u00edt\u00edte se dob\u0159e a m\u00e1te podez\u0159en\u00ed na infek\u010dn\u00ed onemocn\u011bn\u00ed \u2013 toto je doporu\u010den\u00ed vysok\u00e9 nal\u00e9havosti!<\/p>\n\n\n\n<p>2) jste senio\u0159i<\/p>\n\n\n\n<p>3) m\u00e1te z\u00e1va\u017en\u011bj\u0161\u00ed chronick\u00e9 onemocn\u011bn\u00ed zejm\u00e9na onemocn\u011bn\u00ed d\u00fdchac\u00edho nebo srde\u010dn\u011b-c\u00e9vn\u00edho syst\u00e9mu, jste diabetici, u\u017e\u00edv\u00e1te l\u00e9ky sni\u017euj\u00edc\u00ed obranyschopnost organismu, jste v onkologick\u00e9 l\u00e9\u010db\u011b nebo po transplantaci<\/p>\n\n\n\n<p>4) p\u0159ich\u00e1z\u00edte na p\u0159edopera\u010dn\u00ed vy\u0161et\u0159en\u00ed a nechcete o term\u00edn sv\u00e9 operace p\u0159ij\u00edt d\u00edky covid infekci \u2013 nespol\u00e9hejte se na odpov\u011bdnost druh\u00fdch, druz\u00ed na v\u00e1s v \u010dek\u00e1rn\u011b \u201eka\u0161lou\u201c a to \u010dasto doslova<\/p>\n","protected":false},"excerpt":{"rendered":"<p>Upozorn\u011bn\u00ed: Ve vlastn\u00edm z\u00e1jmu a s ohledem na Va\u0161e zdrav\u00ed zva\u017ete p\u0159ed vstupem do \u010dek\u00e1rny nasazen\u00ed RESPIR\u00c1TORU pop\u0159. CHIR. ROU\u0160KY zejm\u00e9na v t\u011bchto situac\u00edch: 1) m\u00e1te onemocn\u011bn\u00ed d\u00fdchac\u00edch cest, teplotu, nec\u00edt\u00edte se dob\u0159e a m\u00e1te podez\u0159en\u00ed na infek\u010dn\u00ed onemocn\u011bn\u00ed \u2013 toto je doporu\u010den\u00ed vysok\u00e9 nal\u00e9havosti! 2) jste senio\u0159i 3) m\u00e1te z\u00e1va\u017en\u011bj\u0161\u00ed chronick\u00e9 onemocn\u011bn\u00ed zejm\u00e9na onemocn\u011bn\u00ed [&hellip;]<\/p>\n","protected":false},"author":1,"featured_media":0,"comment_status":"closed","ping_status":"closed","sticky":false,"template":"","format":"standard","meta":{"footnotes":""},"categories":[10],"tags":[],"class_list":["post-273","post","type-post","status-publish","format-standard","hentry","category-info-pro-pacienty"],"_links":{"self":[{"href":"https:\/\/www.ordinacepraktickylekar.cz\/index.php?rest_route=\/wp\/v2\/posts\/273","targetHints":{"allow":["GET"]}}],"collection":[{"href":"https:\/\/www.ordinacepraktickylekar.cz\/index.php?rest_route=\/wp\/v2\/posts"}],"about":[{"href":"https:\/\/www.ordinacepraktickylekar.cz\/index.php?rest_route=\/wp\/v2\/types\/post"}],"author":[{"embeddable":true,"href":"https:\/\/www.ordinacepraktickylekar.cz\/index.php?rest_route=\/wp\/v2\/users\/1"}],"replies":[{"embeddable":true,"href":"https:\/\/www.ordinacepraktickylekar.cz\/index.php?rest_route=%2Fwp%2Fv2%2Fcomments&post=273"}],"version-history":[{"count":2,"href":"https:\/\/www.ordinacepraktickylekar.cz\/index.php?rest_route=\/wp\/v2\/posts\/273\/revisions"}],"predecessor-version":[{"id":275,"href":"https:\/\/www.ordinacepraktickylekar.cz\/index.php?rest_route=\/wp\/v2\/posts\/273\/revisions\/275"}],"wp:attachment":[{"href":"https:\/\/www.ordinacepraktickylekar.cz\/index.php?rest_route=%2Fwp%2Fv2%2Fmedia&parent=273"}],"wp:term":[{"taxonomy":"category","embeddable":true,"href":"https:\/\/www.ordinacepraktickylekar.cz\/index.php?rest_route=%2Fwp%2Fv2%2Fcategories&post=273"},{"taxonomy":"post_tag","embeddable":true,"href":"https:\/\/www.ordinacepraktickylekar.cz\/index.php?rest_route=%2Fwp%2Fv2%2Ftags&post=273"}],"curies":[{"name":"wp","href":"https:\/\/api.w.org\/{rel}","templated":true}]}}